{"id":9036,"date":"2026-04-28T16:08:30","date_gmt":"2026-04-28T13:08:30","guid":{"rendered":"https:\/\/kp.k12.tr\/ilkokul\/?p=9036"},"modified":"2026-04-28T16:08:30","modified_gmt":"2026-04-28T13:08:30","slug":"23-nisan-ulusal-egemenlik-ve-cocuk-bayramini-ataturkun-izinde-gururla-kutladik","status":"publish","type":"post","link":"https:\/\/kp.k12.tr\/ilkokul\/23-nisan-ulusal-egemenlik-ve-cocuk-bayramini-ataturkun-izinde-gururla-kutladik\/","title":{"rendered":"23 N\u0130SAN ULUSAL EGEMENL\u0130K VE \u00c7OCUK BAYRAMI\u2019NI ATAT\u00dcRK\u2019\u00dcN \u0130Z\u0130NDE GURURLA KUTLADIK"},"content":{"rendered":"<p><div class=\"fusion-fullwidth fullwidth-box fusion-builder-row-1 fusion-flex-container nonhundred-percent-fullwidth non-hundred-percent-height-scrolling\" style=\"--awb-border-radius-top-left:0px;--awb-border-radius-top-right:0px;--awb-border-radius-bottom-right:0px;--awb-border-radius-bottom-left:0px;--awb-flex-wrap:wrap;\" ><div class=\"fusion-builder-row fusion-row fusion-flex-align-items-flex-start fusion-flex-content-wrap\" style=\"max-width:1144px;margin-left: calc(-4% \/ 2 );margin-right: calc(-4% \/ 2 );\"><div class=\"fusion-layout-column fusion_builder_column fusion-builder-column-0 fusion_builder_column_1_1 1_1 fusion-flex-column\" style=\"--awb-padding-top:5%;--awb-padding-right:5%;--awb-padding-bottom:5%;--awb-padding-left:5%;--awb-bg-size:cover;--awb-width-large:100%;--awb-margin-top-large:0px;--awb-spacing-right-large:1.92%;--awb-margin-bottom-large:20px;--awb-spacing-left-large:1.92%;--awb-width-medium:100%;--awb-spacing-right-medium:1.92%;--awb-spacing-left-medium:1.92%;--awb-width-small:100%;--awb-spacing-right-small:1.92%;--awb-spacing-left-small:1.92%;\"><div class=\"fusion-column-wrapper fusion-flex-justify-content-flex-start fusion-content-layout-column\"><div class=\"fusion-text fusion-text-1\"><p>Her milletin tarihinde, kaderini de\u011fi\u015ftiren d\u00f6n\u00fcm noktalar\u0131 vard\u0131r. T\u00fcrk milleti i\u00e7in bu anlardan biri, 23 Nisan 1920 tarihinde \u201cT\u00fcrkiye B\u00fcy\u00fck Millet Meclisinin A\u00e7\u0131l\u0131\u015f\u0131\u201d ile v\u00fccut bulmu\u015ftur. Bu tarih, yaln\u0131zca bir meclisin a\u00e7\u0131l\u0131\u015f\u0131 de\u011fil; ayn\u0131 zamanda ba\u011f\u0131ms\u0131zl\u0131k ve egemenlik yolunda at\u0131lan en g\u00fc\u00e7l\u00fc ad\u0131mlardan biri olmu\u015ftur. 23 Nisan, bir ba\u015flang\u0131c\u0131n \u00f6tesinde; azmin, birli\u011fin ve yeniden do\u011fu\u015fun ifadesidir. Her nisanda hissedilen o taze umut, ge\u00e7mi\u015ften bug\u00fcne uzanan bu b\u00fcy\u00fck m\u00fccadelenin en anlaml\u0131 hat\u0131rlat\u0131c\u0131s\u0131 olmaya devam etmektedir.<\/p>\n<p>\u00d6zel K\u00fc\u00e7\u00fck Prens \u0130lkokulu ve Ortaokulu olarak 23 Nisan Ulusal Egemenlik ve \u00c7ocuk Bayram\u0131\u2019n\u0131 106. y\u0131l\u0131nda, okulumuzun konferans salonunda kutlad\u0131k.<\/p>\n<p>T\u00f6renimiz, sayg\u0131 duru\u015funun ard\u0131ndan \u0130stiklal Mar\u015f\u0131\u2019n\u0131n okunmas\u0131yla ba\u015flad\u0131. T\u00f6renimizin a\u00e7\u0131l\u0131\u015f konu\u015fmas\u0131, Okul M\u00fcd\u00fcr\u00fcm\u00fcz Say\u0131n \u0130hsan ZEREN taraf\u0131ndan yap\u0131ld\u0131.<\/p>\n<p>Ard\u0131ndan 5. s\u0131n\u0131f \u00f6\u011frencilerimizden Zeynep KARAMANLIO\u011eLU, \u201c23 Nisan Bir \u00c7ocu\u011fun Yeminidir\u201d adl\u0131 \u00f6zg\u00fcn \u015fiirini seslendirdi. Program\u0131m\u0131z\u0131, Sosyal Bilgiler Z\u00fcmresi taraf\u0131ndan haz\u0131rlanan ve \u201c23 Nisan Ulusal Egemenlik ve \u00c7ocuk Bayram\u0131\u201dn\u0131n anlam\u0131n\u0131 yans\u0131tan video takip etti. T\u00f6renimiz; 7. s\u0131n\u0131f \u00f6\u011frencilerimizden Lina SEZERMAN\u2019\u0131n g\u00fcn\u00fcn anlam ve \u00f6nemine dair K\u00fc\u00e7\u00fck Prensli t\u00fcm \u00f6\u011frencilerimiz ad\u0131na yapt\u0131\u011f\u0131 etkileyici konu\u015fmayla devam etti. Ard\u0131ndan 5. s\u0131n\u0131f \u00f6\u011frencilerimizden Kumsal \u00d6NDE\u015e, 23 Nisan Ulusal Egemenlik ve \u00c7ocuk Bayram\u0131\u2019na dair en i\u00e7ten duygular\u0131n\u0131 dile getirdi\u011fi \u201cY\u00fcreklere G\u00fcne\u015f Gibi Do\u011fan Bayram\u201d adl\u0131 \u00f6zg\u00fcn \u015fiirini bizlerle payla\u015ft\u0131. T\u00f6renimiz, K\u00fc\u00e7\u00fck Prens Mar\u015f\u0131\u2019n\u0131n s\u00f6ylenmesiyle son buldu.<\/p>\n<p>23 Nisan Ulusal Egemenlik ve \u00c7ocuk Bayram\u0131 kutlu olsun!<\/p>\n<\/div><div class=\"awb-gallery-wrapper awb-gallery-wrapper-1 button-span-no\" style=\"--more-btn-alignment:center;\"><div style=\"margin:-5px;--awb-bordersize:0px;\" class=\"fusion-gallery fusion-gallery-container fusion-grid-4 fusion-columns-total-8 fusion-gallery-layout-grid fusion-gallery-1\"><div style=\"padding:5px;\" class=\"fusion-grid-column fusion-gallery-column fusion-gallery-column-4 hover-type-none\"><div class=\"fusion-gallery-image\"><a href=\"https:\/\/kp.k12.tr\/ilkokul\/wp-content\/uploads\/sites\/4\/2026\/04\/23-Nisan-Ulusal-Egemenlik-ve-Cocuk-Bayrami1-scaled.jpg\" rel=\"noreferrer\" data-rel=\"iLightbox[gallery_image_1]\" class=\"fusion-lightbox\" target=\"_self\"><img decoding=\"async\" src=\"https:\/\/kp.k12.tr\/ilkokul\/wp-content\/uploads\/sites\/4\/2026\/04\/23-Nisan-Ulusal-Egemenlik-ve-Cocuk-Bayrami1-scaled.jpg\" data-orig-src=\"https:\/\/kp.k12.tr\/ilkokul\/wp-content\/uploads\/sites\/4\/2026\/04\/23-Nisan-Ulusal-Egemenlik-ve-Cocuk-Bayrami1-scaled.jpg\" width=\"2560\" height=\"1707\" alt=\"\" title=\"23 Nisan Ulusal Egemenlik ve C\u0327ocuk Bayram\u01311\" aria-label=\"23 Nisan Ulusal Egemenlik ve C\u0327ocuk Bayram\u01311\" class=\"lazyload img-responsive wp-image-9067\" srcset=\"data:image\/svg+xml,%3Csvg%20xmlns%3D%27http%3A%2F%2Fwww.w3.org%2F2000%2Fsvg%27%20width%3D%272560%27%20height%3D%271707%27%20viewBox%3D%270%200%202560%201707%27%3E%3Crect%20width%3D%272560%27%20height%3D%271707%27%20fill-opacity%3D%220%22%2F%3E%3C%2Fsvg%3E\" data-srcset=\"https:\/\/kp.k12.tr\/ilkokul\/wp-content\/uploads\/sites\/4\/2026\/04\/23-Nisan-Ulusal-Egemenlik-ve-Cocuk-Bayrami1-200x133.jpg 200w, https:\/\/kp.k12.tr\/ilkokul\/wp-content\/uploads\/sites\/4\/2026\/04\/23-Nisan-Ulusal-Egemenlik-ve-Cocuk-Bayrami1-400x267.jpg 400w, https:\/\/kp.k12.tr\/ilkokul\/wp-content\/uploads\/sites\/4\/2026\/04\/23-Nisan-Ulusal-Egemenlik-ve-Cocuk-Bayrami1-600x400.jpg 600w, https:\/\/kp.k12.tr\/ilkokul\/wp-content\/uploads\/sites\/4\/2026\/04\/23-Nisan-Ulusal-Egemenlik-ve-Cocuk-Bayrami1-800x533.jpg 800w, https:\/\/kp.k12.tr\/ilkokul\/wp-content\/uploads\/sites\/4\/2026\/04\/23-Nisan-Ulusal-Egemenlik-ve-Cocuk-Bayrami1-1200x800.jpg 1200w, https:\/\/kp.k12.tr\/ilkokul\/wp-content\/uploads\/sites\/4\/2026\/04\/23-Nisan-Ulusal-Egemenlik-ve-Cocuk-Bayrami1-scaled.jpg 2560w\" data-sizes=\"auto\" data-orig-sizes=\"(min-width: 2200px) 100vw, (min-width: 856px) 271px, (min-width: 784px) 362px, (min-width: 712px) 543px, (min-width: 640px) 712px, \" \/><\/a><\/div><\/div><div style=\"padding:5px;\" class=\"fusion-grid-column fusion-gallery-column fusion-gallery-column-4 hover-type-none\"><div class=\"fusion-gallery-image\"><a href=\"https:\/\/kp.k12.tr\/ilkokul\/wp-content\/uploads\/sites\/4\/2026\/04\/23-Nisan-Ulusal-Egemenlik-ve-Cocuk-Bayrami2-scaled.jpg\" rel=\"noreferrer\" data-rel=\"iLightbox[gallery_image_1]\" class=\"fusion-lightbox\" target=\"_self\"><img decoding=\"async\" src=\"https:\/\/kp.k12.tr\/ilkokul\/wp-content\/uploads\/sites\/4\/2026\/04\/23-Nisan-Ulusal-Egemenlik-ve-Cocuk-Bayrami2-scaled.jpg\" data-orig-src=\"https:\/\/kp.k12.tr\/ilkokul\/wp-content\/uploads\/sites\/4\/2026\/04\/23-Nisan-Ulusal-Egemenlik-ve-Cocuk-Bayrami2-scaled.jpg\" width=\"2560\" height=\"1707\" alt=\"\" title=\"23 Nisan Ulusal Egemenlik ve C\u0327ocuk Bayram\u01312\" aria-label=\"23 Nisan Ulusal Egemenlik ve C\u0327ocuk Bayram\u01312\" class=\"lazyload img-responsive wp-image-9069\" srcset=\"data:image\/svg+xml,%3Csvg%20xmlns%3D%27http%3A%2F%2Fwww.w3.org%2F2000%2Fsvg%27%20width%3D%272560%27%20height%3D%271707%27%20viewBox%3D%270%200%202560%201707%27%3E%3Crect%20width%3D%272560%27%20height%3D%271707%27%20fill-opacity%3D%220%22%2F%3E%3C%2Fsvg%3E\" data-srcset=\"https:\/\/kp.k12.tr\/ilkokul\/wp-content\/uploads\/sites\/4\/2026\/04\/23-Nisan-Ulusal-Egemenlik-ve-Cocuk-Bayrami2-200x133.jpg 200w, https:\/\/kp.k12.tr\/ilkokul\/wp-content\/uploads\/sites\/4\/2026\/04\/23-Nisan-Ulusal-Egemenlik-ve-Cocuk-Bayrami2-400x267.jpg 400w, https:\/\/kp.k12.tr\/ilkokul\/wp-content\/uploads\/sites\/4\/2026\/04\/23-Nisan-Ulusal-Egemenlik-ve-Cocuk-Bayrami2-600x400.jpg 600w, https:\/\/kp.k12.tr\/ilkokul\/wp-content\/uploads\/sites\/4\/2026\/04\/23-Nisan-Ulusal-Egemenlik-ve-Cocuk-Bayrami2-800x533.jpg 800w, https:\/\/kp.k12.tr\/ilkokul\/wp-content\/uploads\/sites\/4\/2026\/04\/23-Nisan-Ulusal-Egemenlik-ve-Cocuk-Bayrami2-1200x800.jpg 1200w, https:\/\/kp.k12.tr\/ilkokul\/wp-content\/uploads\/sites\/4\/2026\/04\/23-Nisan-Ulusal-Egemenlik-ve-Cocuk-Bayrami2-scaled.jpg 2560w\" data-sizes=\"auto\" data-orig-sizes=\"(min-width: 2200px) 100vw, (min-width: 856px) 271px, (min-width: 784px) 362px, (min-width: 712px) 543px, (min-width: 640px) 712px, \" \/><\/a><\/div><\/div><div style=\"padding:5px;\" class=\"fusion-grid-column fusion-gallery-column fusion-gallery-column-4 hover-type-none\"><div class=\"fusion-gallery-image\"><a href=\"https:\/\/kp.k12.tr\/ilkokul\/wp-content\/uploads\/sites\/4\/2026\/04\/23-Nisan-Ulusal-Egemenlik-ve-Cocuk-Bayrami3-scaled.jpg\" rel=\"noreferrer\" data-rel=\"iLightbox[gallery_image_1]\" class=\"fusion-lightbox\" target=\"_self\"><img decoding=\"async\" src=\"https:\/\/kp.k12.tr\/ilkokul\/wp-content\/uploads\/sites\/4\/2026\/04\/23-Nisan-Ulusal-Egemenlik-ve-Cocuk-Bayrami3-scaled.jpg\" data-orig-src=\"https:\/\/kp.k12.tr\/ilkokul\/wp-content\/uploads\/sites\/4\/2026\/04\/23-Nisan-Ulusal-Egemenlik-ve-Cocuk-Bayrami3-scaled.jpg\" width=\"2560\" height=\"1707\" alt=\"\" title=\"23 Nisan Ulusal Egemenlik ve C\u0327ocuk Bayram\u01313\" aria-label=\"23 Nisan Ulusal Egemenlik ve C\u0327ocuk Bayram\u01313\" class=\"lazyload img-responsive wp-image-9071\" srcset=\"data:image\/svg+xml,%3Csvg%20xmlns%3D%27http%3A%2F%2Fwww.w3.org%2F2000%2Fsvg%27%20width%3D%272560%27%20height%3D%271707%27%20viewBox%3D%270%200%202560%201707%27%3E%3Crect%20width%3D%272560%27%20height%3D%271707%27%20fill-opacity%3D%220%22%2F%3E%3C%2Fsvg%3E\" data-srcset=\"https:\/\/kp.k12.tr\/ilkokul\/wp-content\/uploads\/sites\/4\/2026\/04\/23-Nisan-Ulusal-Egemenlik-ve-Cocuk-Bayrami3-200x133.jpg 200w, https:\/\/kp.k12.tr\/ilkokul\/wp-content\/uploads\/sites\/4\/2026\/04\/23-Nisan-Ulusal-Egemenlik-ve-Cocuk-Bayrami3-400x267.jpg 400w, https:\/\/kp.k12.tr\/ilkokul\/wp-content\/uploads\/sites\/4\/2026\/04\/23-Nisan-Ulusal-Egemenlik-ve-Cocuk-Bayrami3-600x400.jpg 600w, https:\/\/kp.k12.tr\/ilkokul\/wp-content\/uploads\/sites\/4\/2026\/04\/23-Nisan-Ulusal-Egemenlik-ve-Cocuk-Bayrami3-800x533.jpg 800w, https:\/\/kp.k12.tr\/ilkokul\/wp-content\/uploads\/sites\/4\/2026\/04\/23-Nisan-Ulusal-Egemenlik-ve-Cocuk-Bayrami3-1200x800.jpg 1200w, https:\/\/kp.k12.tr\/ilkokul\/wp-content\/uploads\/sites\/4\/2026\/04\/23-Nisan-Ulusal-Egemenlik-ve-Cocuk-Bayrami3-scaled.jpg 2560w\" data-sizes=\"auto\" data-orig-sizes=\"(min-width: 2200px) 100vw, (min-width: 856px) 271px, (min-width: 784px) 362px, (min-width: 712px) 543px, (min-width: 640px) 712px, \" \/><\/a><\/div><\/div><div style=\"padding:5px;\" class=\"fusion-grid-column fusion-gallery-column fusion-gallery-column-4 hover-type-none\"><div class=\"fusion-gallery-image\"><a href=\"https:\/\/kp.k12.tr\/ilkokul\/wp-content\/uploads\/sites\/4\/2026\/04\/23-Nisan-Ulusal-Egemenlik-ve-Cocuk-Bayrami4-scaled.jpg\" rel=\"noreferrer\" data-rel=\"iLightbox[gallery_image_1]\" class=\"fusion-lightbox\" target=\"_self\"><img decoding=\"async\" src=\"https:\/\/kp.k12.tr\/ilkokul\/wp-content\/uploads\/sites\/4\/2026\/04\/23-Nisan-Ulusal-Egemenlik-ve-Cocuk-Bayrami4-scaled.jpg\" data-orig-src=\"https:\/\/kp.k12.tr\/ilkokul\/wp-content\/uploads\/sites\/4\/2026\/04\/23-Nisan-Ulusal-Egemenlik-ve-Cocuk-Bayrami4-scaled.jpg\" width=\"2560\" height=\"1707\" alt=\"\" title=\"23 Nisan Ulusal Egemenlik ve C\u0327ocuk Bayram\u01314\" aria-label=\"23 Nisan Ulusal Egemenlik ve C\u0327ocuk Bayram\u01314\" class=\"lazyload img-responsive wp-image-9073\" srcset=\"data:image\/svg+xml,%3Csvg%20xmlns%3D%27http%3A%2F%2Fwww.w3.org%2F2000%2Fsvg%27%20width%3D%272560%27%20height%3D%271707%27%20viewBox%3D%270%200%202560%201707%27%3E%3Crect%20width%3D%272560%27%20height%3D%271707%27%20fill-opacity%3D%220%22%2F%3E%3C%2Fsvg%3E\" data-srcset=\"https:\/\/kp.k12.tr\/ilkokul\/wp-content\/uploads\/sites\/4\/2026\/04\/23-Nisan-Ulusal-Egemenlik-ve-Cocuk-Bayrami4-200x133.jpg 200w, https:\/\/kp.k12.tr\/ilkokul\/wp-content\/uploads\/sites\/4\/2026\/04\/23-Nisan-Ulusal-Egemenlik-ve-Cocuk-Bayrami4-400x267.jpg 400w, https:\/\/kp.k12.tr\/ilkokul\/wp-content\/uploads\/sites\/4\/2026\/04\/23-Nisan-Ulusal-Egemenlik-ve-Cocuk-Bayrami4-600x400.jpg 600w, https:\/\/kp.k12.tr\/ilkokul\/wp-content\/uploads\/sites\/4\/2026\/04\/23-Nisan-Ulusal-Egemenlik-ve-Cocuk-Bayrami4-800x533.jpg 800w, https:\/\/kp.k12.tr\/ilkokul\/wp-content\/uploads\/sites\/4\/2026\/04\/23-Nisan-Ulusal-Egemenlik-ve-Cocuk-Bayrami4-1200x800.jpg 1200w, https:\/\/kp.k12.tr\/ilkokul\/wp-content\/uploads\/sites\/4\/2026\/04\/23-Nisan-Ulusal-Egemenlik-ve-Cocuk-Bayrami4-scaled.jpg 2560w\" data-sizes=\"auto\" data-orig-sizes=\"(min-width: 2200px) 100vw, (min-width: 856px) 271px, (min-width: 784px) 362px, (min-width: 712px) 543px, (min-width: 640px) 712px, \" \/><\/a><\/div><\/div><div class=\"clearfix\"><\/div><div style=\"padding:5px;\" class=\"fusion-grid-column fusion-gallery-column fusion-gallery-column-4 hover-type-none\"><div class=\"fusion-gallery-image\"><a href=\"https:\/\/kp.k12.tr\/ilkokul\/wp-content\/uploads\/sites\/4\/2026\/04\/23-Nisan-Ulusal-Egemenlik-ve-Cocuk-Bayrami5-scaled.jpg\" rel=\"noreferrer\" data-rel=\"iLightbox[gallery_image_1]\" class=\"fusion-lightbox\" target=\"_self\"><img decoding=\"async\" src=\"https:\/\/kp.k12.tr\/ilkokul\/wp-content\/uploads\/sites\/4\/2026\/04\/23-Nisan-Ulusal-Egemenlik-ve-Cocuk-Bayrami5-scaled.jpg\" data-orig-src=\"https:\/\/kp.k12.tr\/ilkokul\/wp-content\/uploads\/sites\/4\/2026\/04\/23-Nisan-Ulusal-Egemenlik-ve-Cocuk-Bayrami5-scaled.jpg\" width=\"2560\" height=\"1707\" alt=\"\" title=\"23 Nisan Ulusal Egemenlik ve C\u0327ocuk Bayram\u01315\" aria-label=\"23 Nisan Ulusal Egemenlik ve C\u0327ocuk Bayram\u01315\" class=\"lazyload img-responsive wp-image-9075\" srcset=\"data:image\/svg+xml,%3Csvg%20xmlns%3D%27http%3A%2F%2Fwww.w3.org%2F2000%2Fsvg%27%20width%3D%272560%27%20height%3D%271707%27%20viewBox%3D%270%200%202560%201707%27%3E%3Crect%20width%3D%272560%27%20height%3D%271707%27%20fill-opacity%3D%220%22%2F%3E%3C%2Fsvg%3E\" data-srcset=\"https:\/\/kp.k12.tr\/ilkokul\/wp-content\/uploads\/sites\/4\/2026\/04\/23-Nisan-Ulusal-Egemenlik-ve-Cocuk-Bayrami5-200x133.jpg 200w, https:\/\/kp.k12.tr\/ilkokul\/wp-content\/uploads\/sites\/4\/2026\/04\/23-Nisan-Ulusal-Egemenlik-ve-Cocuk-Bayrami5-400x267.jpg 400w, https:\/\/kp.k12.tr\/ilkokul\/wp-content\/uploads\/sites\/4\/2026\/04\/23-Nisan-Ulusal-Egemenlik-ve-Cocuk-Bayrami5-600x400.jpg 600w, https:\/\/kp.k12.tr\/ilkokul\/wp-content\/uploads\/sites\/4\/2026\/04\/23-Nisan-Ulusal-Egemenlik-ve-Cocuk-Bayrami5-800x533.jpg 800w, https:\/\/kp.k12.tr\/ilkokul\/wp-content\/uploads\/sites\/4\/2026\/04\/23-Nisan-Ulusal-Egemenlik-ve-Cocuk-Bayrami5-1200x800.jpg 1200w, https:\/\/kp.k12.tr\/ilkokul\/wp-content\/uploads\/sites\/4\/2026\/04\/23-Nisan-Ulusal-Egemenlik-ve-Cocuk-Bayrami5-scaled.jpg 2560w\" data-sizes=\"auto\" data-orig-sizes=\"(min-width: 2200px) 100vw, (min-width: 856px) 271px, (min-width: 784px) 362px, (min-width: 712px) 543px, (min-width: 640px) 712px, \" \/><\/a><\/div><\/div><div style=\"padding:5px;\" class=\"fusion-grid-column fusion-gallery-column fusion-gallery-column-4 hover-type-none\"><div class=\"fusion-gallery-image\"><a href=\"https:\/\/kp.k12.tr\/ilkokul\/wp-content\/uploads\/sites\/4\/2026\/04\/23-Nisan-Ulusal-Egemenlik-ve-Cocuk-Bayrami6-scaled.jpg\" rel=\"noreferrer\" data-rel=\"iLightbox[gallery_image_1]\" class=\"fusion-lightbox\" target=\"_self\"><img decoding=\"async\" src=\"https:\/\/kp.k12.tr\/ilkokul\/wp-content\/uploads\/sites\/4\/2026\/04\/23-Nisan-Ulusal-Egemenlik-ve-Cocuk-Bayrami6-scaled.jpg\" data-orig-src=\"https:\/\/kp.k12.tr\/ilkokul\/wp-content\/uploads\/sites\/4\/2026\/04\/23-Nisan-Ulusal-Egemenlik-ve-Cocuk-Bayrami6-scaled.jpg\" width=\"2560\" height=\"1707\" alt=\"\" title=\"23 Nisan Ulusal Egemenlik ve C\u0327ocuk Bayram\u01316\" aria-label=\"23 Nisan Ulusal Egemenlik ve C\u0327ocuk Bayram\u01316\" class=\"lazyload img-responsive wp-image-9077\" srcset=\"data:image\/svg+xml,%3Csvg%20xmlns%3D%27http%3A%2F%2Fwww.w3.org%2F2000%2Fsvg%27%20width%3D%272560%27%20height%3D%271707%27%20viewBox%3D%270%200%202560%201707%27%3E%3Crect%20width%3D%272560%27%20height%3D%271707%27%20fill-opacity%3D%220%22%2F%3E%3C%2Fsvg%3E\" data-srcset=\"https:\/\/kp.k12.tr\/ilkokul\/wp-content\/uploads\/sites\/4\/2026\/04\/23-Nisan-Ulusal-Egemenlik-ve-Cocuk-Bayrami6-200x133.jpg 200w, https:\/\/kp.k12.tr\/ilkokul\/wp-content\/uploads\/sites\/4\/2026\/04\/23-Nisan-Ulusal-Egemenlik-ve-Cocuk-Bayrami6-400x267.jpg 400w, https:\/\/kp.k12.tr\/ilkokul\/wp-content\/uploads\/sites\/4\/2026\/04\/23-Nisan-Ulusal-Egemenlik-ve-Cocuk-Bayrami6-600x400.jpg 600w, https:\/\/kp.k12.tr\/ilkokul\/wp-content\/uploads\/sites\/4\/2026\/04\/23-Nisan-Ulusal-Egemenlik-ve-Cocuk-Bayrami6-800x533.jpg 800w, https:\/\/kp.k12.tr\/ilkokul\/wp-content\/uploads\/sites\/4\/2026\/04\/23-Nisan-Ulusal-Egemenlik-ve-Cocuk-Bayrami6-1200x800.jpg 1200w, https:\/\/kp.k12.tr\/ilkokul\/wp-content\/uploads\/sites\/4\/2026\/04\/23-Nisan-Ulusal-Egemenlik-ve-Cocuk-Bayrami6-scaled.jpg 2560w\" data-sizes=\"auto\" data-orig-sizes=\"(min-width: 2200px) 100vw, (min-width: 856px) 271px, (min-width: 784px) 362px, (min-width: 712px) 543px, (min-width: 640px) 712px, \" \/><\/a><\/div><\/div><div style=\"padding:5px;\" class=\"fusion-grid-column fusion-gallery-column fusion-gallery-column-4 hover-type-none\"><div class=\"fusion-gallery-image\"><a href=\"https:\/\/kp.k12.tr\/ilkokul\/wp-content\/uploads\/sites\/4\/2026\/04\/23-Nisan-Ulusal-Egemenlik-ve-Cocuk-Bayrami7-scaled.jpg\" rel=\"noreferrer\" data-rel=\"iLightbox[gallery_image_1]\" class=\"fusion-lightbox\" target=\"_self\"><img decoding=\"async\" src=\"https:\/\/kp.k12.tr\/ilkokul\/wp-content\/uploads\/sites\/4\/2026\/04\/23-Nisan-Ulusal-Egemenlik-ve-Cocuk-Bayrami7-scaled.jpg\" data-orig-src=\"https:\/\/kp.k12.tr\/ilkokul\/wp-content\/uploads\/sites\/4\/2026\/04\/23-Nisan-Ulusal-Egemenlik-ve-Cocuk-Bayrami7-scaled.jpg\" width=\"2560\" height=\"1707\" alt=\"\" title=\"23 Nisan Ulusal Egemenlik ve C\u0327ocuk Bayram\u01317\" aria-label=\"23 Nisan Ulusal Egemenlik ve C\u0327ocuk Bayram\u01317\" class=\"lazyload img-responsive wp-image-9079\" srcset=\"data:image\/svg+xml,%3Csvg%20xmlns%3D%27http%3A%2F%2Fwww.w3.org%2F2000%2Fsvg%27%20width%3D%272560%27%20height%3D%271707%27%20viewBox%3D%270%200%202560%201707%27%3E%3Crect%20width%3D%272560%27%20height%3D%271707%27%20fill-opacity%3D%220%22%2F%3E%3C%2Fsvg%3E\" data-srcset=\"https:\/\/kp.k12.tr\/ilkokul\/wp-content\/uploads\/sites\/4\/2026\/04\/23-Nisan-Ulusal-Egemenlik-ve-Cocuk-Bayrami7-200x133.jpg 200w, https:\/\/kp.k12.tr\/ilkokul\/wp-content\/uploads\/sites\/4\/2026\/04\/23-Nisan-Ulusal-Egemenlik-ve-Cocuk-Bayrami7-400x267.jpg 400w, https:\/\/kp.k12.tr\/ilkokul\/wp-content\/uploads\/sites\/4\/2026\/04\/23-Nisan-Ulusal-Egemenlik-ve-Cocuk-Bayrami7-600x400.jpg 600w, https:\/\/kp.k12.tr\/ilkokul\/wp-content\/uploads\/sites\/4\/2026\/04\/23-Nisan-Ulusal-Egemenlik-ve-Cocuk-Bayrami7-800x533.jpg 800w, https:\/\/kp.k12.tr\/ilkokul\/wp-content\/uploads\/sites\/4\/2026\/04\/23-Nisan-Ulusal-Egemenlik-ve-Cocuk-Bayrami7-1200x800.jpg 1200w, https:\/\/kp.k12.tr\/ilkokul\/wp-content\/uploads\/sites\/4\/2026\/04\/23-Nisan-Ulusal-Egemenlik-ve-Cocuk-Bayrami7-scaled.jpg 2560w\" data-sizes=\"auto\" data-orig-sizes=\"(min-width: 2200px) 100vw, (min-width: 856px) 271px, (min-width: 784px) 362px, (min-width: 712px) 543px, (min-width: 640px) 712px, \" \/><\/a><\/div><\/div><div style=\"padding:5px;\" class=\"fusion-grid-column fusion-gallery-column fusion-gallery-column-4 hover-type-none\"><div class=\"fusion-gallery-image\"><a href=\"https:\/\/kp.k12.tr\/ilkokul\/wp-content\/uploads\/sites\/4\/2026\/04\/23-Nisan-Ulusal-Egemenlik-ve-Cocuk-Bayrami8-scaled.jpg\" rel=\"noreferrer\" data-rel=\"iLightbox[gallery_image_1]\" class=\"fusion-lightbox\" target=\"_self\"><img decoding=\"async\" src=\"https:\/\/kp.k12.tr\/ilkokul\/wp-content\/uploads\/sites\/4\/2026\/04\/23-Nisan-Ulusal-Egemenlik-ve-Cocuk-Bayrami8-scaled.jpg\" data-orig-src=\"https:\/\/kp.k12.tr\/ilkokul\/wp-content\/uploads\/sites\/4\/2026\/04\/23-Nisan-Ulusal-Egemenlik-ve-Cocuk-Bayrami8-scaled.jpg\" width=\"2560\" height=\"1707\" alt=\"\" title=\"23 Nisan Ulusal Egemenlik ve C\u0327ocuk Bayram\u01318\" aria-label=\"23 Nisan Ulusal Egemenlik ve C\u0327ocuk Bayram\u01318\" class=\"lazyload img-responsive wp-image-9081\" srcset=\"data:image\/svg+xml,%3Csvg%20xmlns%3D%27http%3A%2F%2Fwww.w3.org%2F2000%2Fsvg%27%20width%3D%272560%27%20height%3D%271707%27%20viewBox%3D%270%200%202560%201707%27%3E%3Crect%20width%3D%272560%27%20height%3D%271707%27%20fill-opacity%3D%220%22%2F%3E%3C%2Fsvg%3E\" data-srcset=\"https:\/\/kp.k12.tr\/ilkokul\/wp-content\/uploads\/sites\/4\/2026\/04\/23-Nisan-Ulusal-Egemenlik-ve-Cocuk-Bayrami8-200x133.jpg 200w, https:\/\/kp.k12.tr\/ilkokul\/wp-content\/uploads\/sites\/4\/2026\/04\/23-Nisan-Ulusal-Egemenlik-ve-Cocuk-Bayrami8-400x267.jpg 400w, https:\/\/kp.k12.tr\/ilkokul\/wp-content\/uploads\/sites\/4\/2026\/04\/23-Nisan-Ulusal-Egemenlik-ve-Cocuk-Bayrami8-600x400.jpg 600w, https:\/\/kp.k12.tr\/ilkokul\/wp-content\/uploads\/sites\/4\/2026\/04\/23-Nisan-Ulusal-Egemenlik-ve-Cocuk-Bayrami8-800x533.jpg 800w, https:\/\/kp.k12.tr\/ilkokul\/wp-content\/uploads\/sites\/4\/2026\/04\/23-Nisan-Ulusal-Egemenlik-ve-Cocuk-Bayrami8-1200x800.jpg 1200w, https:\/\/kp.k12.tr\/ilkokul\/wp-content\/uploads\/sites\/4\/2026\/04\/23-Nisan-Ulusal-Egemenlik-ve-Cocuk-Bayrami8-scaled.jpg 2560w\" data-sizes=\"auto\" data-orig-sizes=\"(min-width: 2200px) 100vw, (min-width: 856px) 271px, (min-width: 784px) 362px, (min-width: 712px) 543px, (min-width: 640px) 712px, \" \/><\/a><\/div><\/div><div class=\"clearfix\"><\/div><\/div><\/div><\/div><\/div><\/div><\/div><div class=\"fusion-fullwidth fullwidth-box fusion-builder-row-2 fusion-flex-container nonhundred-percent-fullwidth non-hundred-percent-height-scrolling\" style=\"--awb-border-radius-top-left:0px;--awb-border-radius-top-right:0px;--awb-border-radius-bottom-right:0px;--awb-border-radius-bottom-left:0px;--awb-flex-wrap:wrap;\" ><div class=\"fusion-builder-row fusion-row fusion-flex-align-items-flex-start fusion-flex-content-wrap\" style=\"max-width:1144px;margin-left: calc(-4% \/ 2 );margin-right: calc(-4% \/ 2 );\"><\/div><\/div><\/p>\n","protected":false},"excerpt":{"rendered":"","protected":false},"author":10,"featured_media":9073,"comment_status":"open","ping_status":"open","sticky":false,"template":"","format":"standard","meta":{"_view_id":"","_jetpack_memberships_contains_paid_content":false,"footnotes":""},"categories":[8],"tags":[16],"class_list":["post-9036","post","type-post","status-publish","format-standard","has-post-thumbnail","hentry","category-sosyal-etkinlikler","tag-basari"],"jetpack_featured_media_url":"https:\/\/kp.k12.tr\/ilkokul\/wp-content\/uploads\/sites\/4\/2026\/04\/23-Nisan-Ulusal-Egemenlik-ve-Cocuk-Bayrami4-scaled.jpg","jetpack_sharing_enabled":true,"_links":{"self":[{"href":"https:\/\/kp.k12.tr\/ilkokul\/wp-json\/wp\/v2\/posts\/9036","targetHints":{"allow":["GET"]}}],"collection":[{"href":"https:\/\/kp.k12.tr\/ilkokul\/wp-json\/wp\/v2\/posts"}],"about":[{"href":"https:\/\/kp.k12.tr\/ilkokul\/wp-json\/wp\/v2\/types\/post"}],"author":[{"embeddable":true,"href":"https:\/\/kp.k12.tr\/ilkokul\/wp-json\/wp\/v2\/users\/10"}],"replies":[{"embeddable":true,"href":"https:\/\/kp.k12.tr\/ilkokul\/wp-json\/wp\/v2\/comments?post=9036"}],"version-history":[{"count":3,"href":"https:\/\/kp.k12.tr\/ilkokul\/wp-json\/wp\/v2\/posts\/9036\/revisions"}],"predecessor-version":[{"id":9084,"href":"https:\/\/kp.k12.tr\/ilkokul\/wp-json\/wp\/v2\/posts\/9036\/revisions\/9084"}],"wp:featuredmedia":[{"embeddable":true,"href":"https:\/\/kp.k12.tr\/ilkokul\/wp-json\/wp\/v2\/media\/9073"}],"wp:attachment":[{"href":"https:\/\/kp.k12.tr\/ilkokul\/wp-json\/wp\/v2\/media?parent=9036"}],"wp:term":[{"taxonomy":"category","embeddable":true,"href":"https:\/\/kp.k12.tr\/ilkokul\/wp-json\/wp\/v2\/categories?post=9036"},{"taxonomy":"post_tag","embeddable":true,"href":"https:\/\/kp.k12.tr\/ilkokul\/wp-json\/wp\/v2\/tags?post=9036"}],"curies":[{"name":"wp","href":"https:\/\/api.w.org\/{rel}","templated":true}]}}