{"id":696,"date":"2017-03-07T18:36:23","date_gmt":"2017-03-07T18:36:23","guid":{"rendered":"http:\/\/kp.k12.tr\/anaokulu\/?p=696"},"modified":"2018-04-24T11:10:56","modified_gmt":"2018-04-24T08:10:56","slug":"akasya-sinifi-aile-katilimi-calismasi","status":"publish","type":"post","link":"https:\/\/kp.k12.tr\/anaokulu\/2017\/03\/07\/akasya-sinifi-aile-katilimi-calismasi\/","title":{"rendered":"Akasya S\u0131n\u0131f\u0131 Aile Kat\u0131l\u0131m\u0131 \u00c7al\u0131\u015fmas\u0131"},"content":{"rendered":"<div class=\"fusion-fullwidth fullwidth-box fusion-builder-row-1 fusion-flex-container nonhundred-percent-fullwidth non-hundred-percent-height-scrolling\" style=\"--awb-border-radius-top-left:0px;--awb-border-radius-top-right:0px;--awb-border-radius-bottom-right:0px;--awb-border-radius-bottom-left:0px;--awb-flex-wrap:wrap;\" ><div class=\"fusion-builder-row fusion-row fusion-flex-align-items-flex-start fusion-flex-content-wrap\" style=\"max-width:calc( 1100px + 0px );margin-left: calc(-0px \/ 2 );margin-right: calc(-0px \/ 2 );\"><div class=\"fusion-layout-column fusion_builder_column fusion-builder-column-0 fusion_builder_column_1_1 1_1 fusion-flex-column\" style=\"--awb-padding-top:5%;--awb-padding-right:5%;--awb-padding-bottom:5%;--awb-padding-left:5%;--awb-bg-size:cover;--awb-width-large:100%;--awb-margin-top-large:0px;--awb-spacing-right-large:0px;--awb-margin-bottom-large:20px;--awb-spacing-left-large:0px;--awb-width-medium:100%;--awb-spacing-right-medium:0px;--awb-spacing-left-medium:0px;--awb-width-small:100%;--awb-spacing-right-small:0px;--awb-spacing-left-small:0px;\"><div class=\"fusion-column-wrapper fusion-flex-justify-content-flex-start fusion-content-layout-column\"><div class=\"fusion-text fusion-text-1\"><p>02.03.2017 Per\u015fembe g\u00fcn\u00fc \u201cAile Kat\u0131l\u0131m\u0131 \u00c7al\u0131\u015fmas\u0131\u201d kapsam\u0131nda Akasya s\u0131n\u0131f\u0131 olarak Ay\u015fe Derin ENER\u2019in annesi Ay\u00e7a ENER\u2019i a\u011f\u0131rlad\u0131k. Ay\u00e7a Han\u0131m, \u201cCanl\u0131lar, Bitkiler, Ar\u0131lar (Gems)\u201d temam\u0131zla ilgili olarak \u00e7i\u00e7ekler hakk\u0131nda \u00f6\u011frencilerimizle sohbet etti. Sohbet sonras\u0131nda Ay\u00e7a Han\u0131m \u00f6\u011frencilerimize pastel boya kalemleri hediye etti ve haz\u0131rlad\u0131\u011f\u0131 \u00e7i\u00e7eklerle ilgili boyama sayfalar\u0131n\u0131 da\u011f\u0131tt\u0131. \u00d6\u011frencilerimiz \u00e7i\u00e7eklerini yeni pastel boyalar\u0131yla \u00f6zenle boyad\u0131lar.\u00a0Merakla ve keyifle kat\u0131ld\u0131\u011f\u0131m\u0131z etkinlik i\u00e7in Ay\u00e7a Han\u0131m\u2019a te\u015fekk\u00fcr ediyoruz.<\/p>\n<\/div><div class=\"awb-gallery-wrapper awb-gallery-wrapper-1 button-span-no\"><div style=\"margin:-5px;--awb-bordersize:0px;\" class=\"fusion-gallery fusion-gallery-container fusion-grid-3 fusion-columns-total-4 fusion-gallery-layout-grid fusion-gallery-1\"><div style=\"padding:5px;\" class=\"fusion-grid-column fusion-gallery-column fusion-gallery-column-3 hover-type-none\"><div class=\"fusion-gallery-image\"><a href=\"https:\/\/kp.k12.tr\/anaokulu\/wp-content\/uploads\/sites\/3\/2018\/01\/1-6.jpg\" rel=\"noreferrer\" data-rel=\"iLightbox[gallery_image_1]\" class=\"fusion-lightbox\" target=\"_self\"><img decoding=\"async\" src=\"https:\/\/kp.k12.tr\/anaokulu\/wp-content\/uploads\/sites\/3\/2018\/01\/1-6.jpg\" data-orig-src=\"https:\/\/kp.k12.tr\/anaokulu\/wp-content\/uploads\/sites\/3\/2018\/01\/1-6.jpg\" width=\"1280\" height=\"960\" alt=\"02.03.2017 Per\u015fembe g\u00fcn\u00fc \u201cAile Kat\u0131l\u0131m\u0131 \u00c7al\u0131\u015fmas\u0131\u201d kapsam\u0131nda Akasya s\u0131n\u0131f\u0131 olarak Ay\u015fe Derin ENER\u2019in annesi Ay\u00e7a ENER\u2019i a\u011f\u0131rlad\u0131k. Ay\u00e7a Han\u0131m, \u201cCanl\u0131lar, Bitkiler, Ar\u0131lar (Gems)\u201d temam\u0131zla ilgili olarak \u00e7i\u00e7ekler hakk\u0131nda \u00f6\u011frencilerimizle sohbet etti. Sohbet sonras\u0131nda Ay\u00e7a Han\u0131m \u00f6\u011frencilerimize pastel boya kalemleri hediye etti ve haz\u0131rlad\u0131\u011f\u0131 \u00e7i\u00e7eklerle ilgili boyama sayfalar\u0131n\u0131 da\u011f\u0131tt\u0131. \u00d6\u011frencilerimiz \u00e7i\u00e7eklerini yeni pastel boyalar\u0131yla \u00f6zenle boyad\u0131lar.\u00a0Merakla ve keyifle kat\u0131ld\u0131\u011f\u0131m\u0131z etkinlik i\u00e7in Ay\u00e7a Han\u0131m\u2019a te\u015fekk\u00fcr ediyoruz.\" title=\"02.03.2017 Per\u015fembe g\u00fcn\u00fc \u201cAile Kat\u0131l\u0131m\u0131 \u00c7al\u0131\u015fmas\u0131\u201d kapsam\u0131nda Akasya s\u0131n\u0131f\u0131 olarak Ay\u015fe Derin ENER\u2019in annesi Ay\u00e7a ENER\u2019i a\u011f\u0131rlad\u0131k. Ay\u00e7a Han\u0131m, \u201cCanl\u0131lar, Bitkiler, Ar\u0131lar (Gems)\u201d temam\u0131zla ilgili olarak \u00e7i\u00e7ekler hakk\u0131nda \u00f6\u011frencilerimizle sohbet etti. Sohbet sonras\u0131nda Ay\u00e7a Han\u0131m \u00f6\u011frencilerimize pastel boya kalemleri hediye etti ve haz\u0131rlad\u0131\u011f\u0131 \u00e7i\u00e7eklerle ilgili boyama sayfalar\u0131n\u0131 da\u011f\u0131tt\u0131. \u00d6\u011frencilerimiz \u00e7i\u00e7eklerini yeni pastel boyalar\u0131yla \u00f6zenle boyad\u0131lar.\u00a0Merakla ve keyifle kat\u0131ld\u0131\u011f\u0131m\u0131z etkinlik i\u00e7in Ay\u00e7a Han\u0131m\u2019a te\u015fekk\u00fcr ediyoruz.\" aria-label=\"02.03.2017 Per\u015fembe g\u00fcn\u00fc \u201cAile Kat\u0131l\u0131m\u0131 \u00c7al\u0131\u015fmas\u0131\u201d kapsam\u0131nda Akasya s\u0131n\u0131f\u0131 olarak Ay\u015fe Derin ENER\u2019in annesi Ay\u00e7a ENER\u2019i a\u011f\u0131rlad\u0131k. Ay\u00e7a Han\u0131m, \u201cCanl\u0131lar, Bitkiler, Ar\u0131lar (Gems)\u201d temam\u0131zla ilgili olarak \u00e7i\u00e7ekler hakk\u0131nda \u00f6\u011frencilerimizle sohbet etti. Sohbet sonras\u0131nda Ay\u00e7a Han\u0131m \u00f6\u011frencilerimize pastel boya kalemleri hediye etti ve haz\u0131rlad\u0131\u011f\u0131 \u00e7i\u00e7eklerle ilgili boyama sayfalar\u0131n\u0131 da\u011f\u0131tt\u0131. \u00d6\u011frencilerimiz \u00e7i\u00e7eklerini yeni pastel boyalar\u0131yla \u00f6zenle boyad\u0131lar.\u00a0Merakla ve keyifle kat\u0131ld\u0131\u011f\u0131m\u0131z etkinlik i\u00e7in Ay\u00e7a Han\u0131m\u2019a te\u015fekk\u00fcr ediyoruz.\" class=\"lazyload img-responsive wp-image-697\" srcset=\"data:image\/svg+xml,%3Csvg%20xmlns%3D%27http%3A%2F%2Fwww.w3.org%2F2000%2Fsvg%27%20width%3D%271280%27%20height%3D%27960%27%20viewBox%3D%270%200%201280%20960%27%3E%3Crect%20width%3D%271280%27%20height%3D%27960%27%20fill-opacity%3D%220%22%2F%3E%3C%2Fsvg%3E\" data-srcset=\"https:\/\/kp.k12.tr\/anaokulu\/wp-content\/uploads\/sites\/3\/2018\/01\/1-6-200x150.jpg 200w, https:\/\/kp.k12.tr\/anaokulu\/wp-content\/uploads\/sites\/3\/2018\/01\/1-6-400x300.jpg 400w, https:\/\/kp.k12.tr\/anaokulu\/wp-content\/uploads\/sites\/3\/2018\/01\/1-6-600x450.jpg 600w, https:\/\/kp.k12.tr\/anaokulu\/wp-content\/uploads\/sites\/3\/2018\/01\/1-6-800x600.jpg 800w, https:\/\/kp.k12.tr\/anaokulu\/wp-content\/uploads\/sites\/3\/2018\/01\/1-6-1200x900.jpg 1200w, https:\/\/kp.k12.tr\/anaokulu\/wp-content\/uploads\/sites\/3\/2018\/01\/1-6.jpg 1280w\" data-sizes=\"auto\" data-orig-sizes=\"(min-width: 2200px) 100vw, (min-width: 784px) 363px, (min-width: 712px) 545px, (min-width: 640px) 712px, \" \/><\/a><\/div><\/div><div style=\"padding:5px;\" class=\"fusion-grid-column fusion-gallery-column fusion-gallery-column-3 hover-type-none\"><div class=\"fusion-gallery-image\"><a href=\"https:\/\/kp.k12.tr\/anaokulu\/wp-content\/uploads\/sites\/3\/2018\/01\/4-5.jpg\" rel=\"noreferrer\" data-rel=\"iLightbox[gallery_image_1]\" class=\"fusion-lightbox\" target=\"_self\"><img decoding=\"async\" src=\"https:\/\/kp.k12.tr\/anaokulu\/wp-content\/uploads\/sites\/3\/2018\/01\/4-5.jpg\" data-orig-src=\"https:\/\/kp.k12.tr\/anaokulu\/wp-content\/uploads\/sites\/3\/2018\/01\/4-5.jpg\" width=\"960\" height=\"1280\" alt=\"02.03.2017 Per\u015fembe g\u00fcn\u00fc \u201cAile Kat\u0131l\u0131m\u0131 \u00c7al\u0131\u015fmas\u0131\u201d kapsam\u0131nda Akasya s\u0131n\u0131f\u0131 olarak Ay\u015fe Derin ENER\u2019in annesi Ay\u00e7a ENER\u2019i a\u011f\u0131rlad\u0131k. Ay\u00e7a Han\u0131m, \u201cCanl\u0131lar, Bitkiler, Ar\u0131lar (Gems)\u201d temam\u0131zla ilgili olarak \u00e7i\u00e7ekler hakk\u0131nda \u00f6\u011frencilerimizle sohbet etti. Sohbet sonras\u0131nda Ay\u00e7a Han\u0131m \u00f6\u011frencilerimize pastel boya kalemleri hediye etti ve haz\u0131rlad\u0131\u011f\u0131 \u00e7i\u00e7eklerle ilgili boyama sayfalar\u0131n\u0131 da\u011f\u0131tt\u0131. \u00d6\u011frencilerimiz \u00e7i\u00e7eklerini yeni pastel boyalar\u0131yla \u00f6zenle boyad\u0131lar.\u00a0Merakla ve keyifle kat\u0131ld\u0131\u011f\u0131m\u0131z etkinlik i\u00e7in Ay\u00e7a Han\u0131m\u2019a te\u015fekk\u00fcr ediyoruz.\" title=\"02.03.2017 Per\u015fembe g\u00fcn\u00fc \u201cAile Kat\u0131l\u0131m\u0131 \u00c7al\u0131\u015fmas\u0131\u201d kapsam\u0131nda Akasya s\u0131n\u0131f\u0131 olarak Ay\u015fe Derin ENER\u2019in annesi Ay\u00e7a ENER\u2019i a\u011f\u0131rlad\u0131k. Ay\u00e7a Han\u0131m, \u201cCanl\u0131lar, Bitkiler, Ar\u0131lar (Gems)\u201d temam\u0131zla ilgili olarak \u00e7i\u00e7ekler hakk\u0131nda \u00f6\u011frencilerimizle sohbet etti. Sohbet sonras\u0131nda Ay\u00e7a Han\u0131m \u00f6\u011frencilerimize pastel boya kalemleri hediye etti ve haz\u0131rlad\u0131\u011f\u0131 \u00e7i\u00e7eklerle ilgili boyama sayfalar\u0131n\u0131 da\u011f\u0131tt\u0131. \u00d6\u011frencilerimiz \u00e7i\u00e7eklerini yeni pastel boyalar\u0131yla \u00f6zenle boyad\u0131lar.\u00a0Merakla ve keyifle kat\u0131ld\u0131\u011f\u0131m\u0131z etkinlik i\u00e7in Ay\u00e7a Han\u0131m\u2019a te\u015fekk\u00fcr ediyoruz.\" aria-label=\"02.03.2017 Per\u015fembe g\u00fcn\u00fc \u201cAile Kat\u0131l\u0131m\u0131 \u00c7al\u0131\u015fmas\u0131\u201d kapsam\u0131nda Akasya s\u0131n\u0131f\u0131 olarak Ay\u015fe Derin ENER\u2019in annesi Ay\u00e7a ENER\u2019i a\u011f\u0131rlad\u0131k. Ay\u00e7a Han\u0131m, \u201cCanl\u0131lar, Bitkiler, Ar\u0131lar (Gems)\u201d temam\u0131zla ilgili olarak \u00e7i\u00e7ekler hakk\u0131nda \u00f6\u011frencilerimizle sohbet etti. Sohbet sonras\u0131nda Ay\u00e7a Han\u0131m \u00f6\u011frencilerimize pastel boya kalemleri hediye etti ve haz\u0131rlad\u0131\u011f\u0131 \u00e7i\u00e7eklerle ilgili boyama sayfalar\u0131n\u0131 da\u011f\u0131tt\u0131. \u00d6\u011frencilerimiz \u00e7i\u00e7eklerini yeni pastel boyalar\u0131yla \u00f6zenle boyad\u0131lar.\u00a0Merakla ve keyifle kat\u0131ld\u0131\u011f\u0131m\u0131z etkinlik i\u00e7in Ay\u00e7a Han\u0131m\u2019a te\u015fekk\u00fcr ediyoruz.\" class=\"lazyload img-responsive wp-image-700\" srcset=\"data:image\/svg+xml,%3Csvg%20xmlns%3D%27http%3A%2F%2Fwww.w3.org%2F2000%2Fsvg%27%20width%3D%27960%27%20height%3D%271280%27%20viewBox%3D%270%200%20960%201280%27%3E%3Crect%20width%3D%27960%27%20height%3D%271280%27%20fill-opacity%3D%220%22%2F%3E%3C%2Fsvg%3E\" data-srcset=\"https:\/\/kp.k12.tr\/anaokulu\/wp-content\/uploads\/sites\/3\/2018\/01\/4-5-200x267.jpg 200w, https:\/\/kp.k12.tr\/anaokulu\/wp-content\/uploads\/sites\/3\/2018\/01\/4-5-400x533.jpg 400w, https:\/\/kp.k12.tr\/anaokulu\/wp-content\/uploads\/sites\/3\/2018\/01\/4-5-600x800.jpg 600w, https:\/\/kp.k12.tr\/anaokulu\/wp-content\/uploads\/sites\/3\/2018\/01\/4-5-800x1067.jpg 800w, https:\/\/kp.k12.tr\/anaokulu\/wp-content\/uploads\/sites\/3\/2018\/01\/4-5.jpg 960w\" data-sizes=\"auto\" data-orig-sizes=\"(min-width: 2200px) 100vw, (min-width: 784px) 363px, (min-width: 712px) 545px, (min-width: 640px) 712px, \" \/><\/a><\/div><\/div><div style=\"padding:5px;\" class=\"fusion-grid-column fusion-gallery-column fusion-gallery-column-3 hover-type-none\"><div class=\"fusion-gallery-image\"><a href=\"https:\/\/kp.k12.tr\/anaokulu\/wp-content\/uploads\/sites\/3\/2018\/01\/3-5.jpg\" rel=\"noreferrer\" data-rel=\"iLightbox[gallery_image_1]\" class=\"fusion-lightbox\" target=\"_self\"><img decoding=\"async\" src=\"https:\/\/kp.k12.tr\/anaokulu\/wp-content\/uploads\/sites\/3\/2018\/01\/3-5.jpg\" data-orig-src=\"https:\/\/kp.k12.tr\/anaokulu\/wp-content\/uploads\/sites\/3\/2018\/01\/3-5.jpg\" width=\"960\" height=\"1280\" alt=\"02.03.2017 Per\u015fembe g\u00fcn\u00fc \u201cAile Kat\u0131l\u0131m\u0131 \u00c7al\u0131\u015fmas\u0131\u201d kapsam\u0131nda Akasya s\u0131n\u0131f\u0131 olarak Ay\u015fe Derin ENER\u2019in annesi Ay\u00e7a ENER\u2019i a\u011f\u0131rlad\u0131k. Ay\u00e7a Han\u0131m, \u201cCanl\u0131lar, Bitkiler, Ar\u0131lar (Gems)\u201d temam\u0131zla ilgili olarak \u00e7i\u00e7ekler hakk\u0131nda \u00f6\u011frencilerimizle sohbet etti. Sohbet sonras\u0131nda Ay\u00e7a Han\u0131m \u00f6\u011frencilerimize pastel boya kalemleri hediye etti ve haz\u0131rlad\u0131\u011f\u0131 \u00e7i\u00e7eklerle ilgili boyama sayfalar\u0131n\u0131 da\u011f\u0131tt\u0131. \u00d6\u011frencilerimiz \u00e7i\u00e7eklerini yeni pastel boyalar\u0131yla \u00f6zenle boyad\u0131lar.\u00a0Merakla ve keyifle kat\u0131ld\u0131\u011f\u0131m\u0131z etkinlik i\u00e7in Ay\u00e7a Han\u0131m\u2019a te\u015fekk\u00fcr ediyoruz.\" title=\"02.03.2017 Per\u015fembe g\u00fcn\u00fc \u201cAile Kat\u0131l\u0131m\u0131 \u00c7al\u0131\u015fmas\u0131\u201d kapsam\u0131nda Akasya s\u0131n\u0131f\u0131 olarak Ay\u015fe Derin ENER\u2019in annesi Ay\u00e7a ENER\u2019i a\u011f\u0131rlad\u0131k. Ay\u00e7a Han\u0131m, \u201cCanl\u0131lar, Bitkiler, Ar\u0131lar (Gems)\u201d temam\u0131zla ilgili olarak \u00e7i\u00e7ekler hakk\u0131nda \u00f6\u011frencilerimizle sohbet etti. Sohbet sonras\u0131nda Ay\u00e7a Han\u0131m \u00f6\u011frencilerimize pastel boya kalemleri hediye etti ve haz\u0131rlad\u0131\u011f\u0131 \u00e7i\u00e7eklerle ilgili boyama sayfalar\u0131n\u0131 da\u011f\u0131tt\u0131. \u00d6\u011frencilerimiz \u00e7i\u00e7eklerini yeni pastel boyalar\u0131yla \u00f6zenle boyad\u0131lar.\u00a0Merakla ve keyifle kat\u0131ld\u0131\u011f\u0131m\u0131z etkinlik i\u00e7in Ay\u00e7a Han\u0131m\u2019a te\u015fekk\u00fcr ediyoruz.\" aria-label=\"02.03.2017 Per\u015fembe g\u00fcn\u00fc \u201cAile Kat\u0131l\u0131m\u0131 \u00c7al\u0131\u015fmas\u0131\u201d kapsam\u0131nda Akasya s\u0131n\u0131f\u0131 olarak Ay\u015fe Derin ENER\u2019in annesi Ay\u00e7a ENER\u2019i a\u011f\u0131rlad\u0131k. Ay\u00e7a Han\u0131m, \u201cCanl\u0131lar, Bitkiler, Ar\u0131lar (Gems)\u201d temam\u0131zla ilgili olarak \u00e7i\u00e7ekler hakk\u0131nda \u00f6\u011frencilerimizle sohbet etti. Sohbet sonras\u0131nda Ay\u00e7a Han\u0131m \u00f6\u011frencilerimize pastel boya kalemleri hediye etti ve haz\u0131rlad\u0131\u011f\u0131 \u00e7i\u00e7eklerle ilgili boyama sayfalar\u0131n\u0131 da\u011f\u0131tt\u0131. \u00d6\u011frencilerimiz \u00e7i\u00e7eklerini yeni pastel boyalar\u0131yla \u00f6zenle boyad\u0131lar.\u00a0Merakla ve keyifle kat\u0131ld\u0131\u011f\u0131m\u0131z etkinlik i\u00e7in Ay\u00e7a Han\u0131m\u2019a te\u015fekk\u00fcr ediyoruz.\" class=\"lazyload img-responsive wp-image-699\" srcset=\"data:image\/svg+xml,%3Csvg%20xmlns%3D%27http%3A%2F%2Fwww.w3.org%2F2000%2Fsvg%27%20width%3D%27960%27%20height%3D%271280%27%20viewBox%3D%270%200%20960%201280%27%3E%3Crect%20width%3D%27960%27%20height%3D%271280%27%20fill-opacity%3D%220%22%2F%3E%3C%2Fsvg%3E\" data-srcset=\"https:\/\/kp.k12.tr\/anaokulu\/wp-content\/uploads\/sites\/3\/2018\/01\/3-5-200x267.jpg 200w, https:\/\/kp.k12.tr\/anaokulu\/wp-content\/uploads\/sites\/3\/2018\/01\/3-5-400x533.jpg 400w, https:\/\/kp.k12.tr\/anaokulu\/wp-content\/uploads\/sites\/3\/2018\/01\/3-5-600x800.jpg 600w, https:\/\/kp.k12.tr\/anaokulu\/wp-content\/uploads\/sites\/3\/2018\/01\/3-5-800x1067.jpg 800w, https:\/\/kp.k12.tr\/anaokulu\/wp-content\/uploads\/sites\/3\/2018\/01\/3-5.jpg 960w\" data-sizes=\"auto\" data-orig-sizes=\"(min-width: 2200px) 100vw, (min-width: 784px) 363px, (min-width: 712px) 545px, (min-width: 640px) 712px, \" \/><\/a><\/div><\/div><div class=\"clearfix\"><\/div><div style=\"padding:5px;\" class=\"fusion-grid-column fusion-gallery-column fusion-gallery-column-3 hover-type-none\"><div class=\"fusion-gallery-image\"><a href=\"https:\/\/kp.k12.tr\/anaokulu\/wp-content\/uploads\/sites\/3\/2018\/01\/2-6.jpg\" rel=\"noreferrer\" data-rel=\"iLightbox[gallery_image_1]\" class=\"fusion-lightbox\" target=\"_self\"><img decoding=\"async\" src=\"https:\/\/kp.k12.tr\/anaokulu\/wp-content\/uploads\/sites\/3\/2018\/01\/2-6.jpg\" data-orig-src=\"https:\/\/kp.k12.tr\/anaokulu\/wp-content\/uploads\/sites\/3\/2018\/01\/2-6.jpg\" width=\"1280\" height=\"960\" alt=\"02.03.2017 Per\u015fembe g\u00fcn\u00fc \u201cAile Kat\u0131l\u0131m\u0131 \u00c7al\u0131\u015fmas\u0131\u201d kapsam\u0131nda Akasya s\u0131n\u0131f\u0131 olarak Ay\u015fe Derin ENER\u2019in annesi Ay\u00e7a ENER\u2019i a\u011f\u0131rlad\u0131k. Ay\u00e7a Han\u0131m, \u201cCanl\u0131lar, Bitkiler, Ar\u0131lar (Gems)\u201d temam\u0131zla ilgili olarak \u00e7i\u00e7ekler hakk\u0131nda \u00f6\u011frencilerimizle sohbet etti. Sohbet sonras\u0131nda Ay\u00e7a Han\u0131m \u00f6\u011frencilerimize pastel boya kalemleri hediye etti ve haz\u0131rlad\u0131\u011f\u0131 \u00e7i\u00e7eklerle ilgili boyama sayfalar\u0131n\u0131 da\u011f\u0131tt\u0131. \u00d6\u011frencilerimiz \u00e7i\u00e7eklerini yeni pastel boyalar\u0131yla \u00f6zenle boyad\u0131lar.\u00a0Merakla ve keyifle kat\u0131ld\u0131\u011f\u0131m\u0131z etkinlik i\u00e7in Ay\u00e7a Han\u0131m\u2019a te\u015fekk\u00fcr ediyoruz.\" title=\"02.03.2017 Per\u015fembe g\u00fcn\u00fc \u201cAile Kat\u0131l\u0131m\u0131 \u00c7al\u0131\u015fmas\u0131\u201d kapsam\u0131nda Akasya s\u0131n\u0131f\u0131 olarak Ay\u015fe Derin ENER\u2019in annesi Ay\u00e7a ENER\u2019i a\u011f\u0131rlad\u0131k. Ay\u00e7a Han\u0131m, \u201cCanl\u0131lar, Bitkiler, Ar\u0131lar (Gems)\u201d temam\u0131zla ilgili olarak \u00e7i\u00e7ekler hakk\u0131nda \u00f6\u011frencilerimizle sohbet etti. Sohbet sonras\u0131nda Ay\u00e7a Han\u0131m \u00f6\u011frencilerimize pastel boya kalemleri hediye etti ve haz\u0131rlad\u0131\u011f\u0131 \u00e7i\u00e7eklerle ilgili boyama sayfalar\u0131n\u0131 da\u011f\u0131tt\u0131. \u00d6\u011frencilerimiz \u00e7i\u00e7eklerini yeni pastel boyalar\u0131yla \u00f6zenle boyad\u0131lar.\u00a0Merakla ve keyifle kat\u0131ld\u0131\u011f\u0131m\u0131z etkinlik i\u00e7in Ay\u00e7a Han\u0131m\u2019a te\u015fekk\u00fcr ediyoruz.\" aria-label=\"02.03.2017 Per\u015fembe g\u00fcn\u00fc \u201cAile Kat\u0131l\u0131m\u0131 \u00c7al\u0131\u015fmas\u0131\u201d kapsam\u0131nda Akasya s\u0131n\u0131f\u0131 olarak Ay\u015fe Derin ENER\u2019in annesi Ay\u00e7a ENER\u2019i a\u011f\u0131rlad\u0131k. Ay\u00e7a Han\u0131m, \u201cCanl\u0131lar, Bitkiler, Ar\u0131lar (Gems)\u201d temam\u0131zla ilgili olarak \u00e7i\u00e7ekler hakk\u0131nda \u00f6\u011frencilerimizle sohbet etti. Sohbet sonras\u0131nda Ay\u00e7a Han\u0131m \u00f6\u011frencilerimize pastel boya kalemleri hediye etti ve haz\u0131rlad\u0131\u011f\u0131 \u00e7i\u00e7eklerle ilgili boyama sayfalar\u0131n\u0131 da\u011f\u0131tt\u0131. \u00d6\u011frencilerimiz \u00e7i\u00e7eklerini yeni pastel boyalar\u0131yla \u00f6zenle boyad\u0131lar.\u00a0Merakla ve keyifle kat\u0131ld\u0131\u011f\u0131m\u0131z etkinlik i\u00e7in Ay\u00e7a Han\u0131m\u2019a te\u015fekk\u00fcr ediyoruz.\" class=\"lazyload img-responsive wp-image-698\" srcset=\"data:image\/svg+xml,%3Csvg%20xmlns%3D%27http%3A%2F%2Fwww.w3.org%2F2000%2Fsvg%27%20width%3D%271280%27%20height%3D%27960%27%20viewBox%3D%270%200%201280%20960%27%3E%3Crect%20width%3D%271280%27%20height%3D%27960%27%20fill-opacity%3D%220%22%2F%3E%3C%2Fsvg%3E\" data-srcset=\"https:\/\/kp.k12.tr\/anaokulu\/wp-content\/uploads\/sites\/3\/2018\/01\/2-6-200x150.jpg 200w, https:\/\/kp.k12.tr\/anaokulu\/wp-content\/uploads\/sites\/3\/2018\/01\/2-6-400x300.jpg 400w, https:\/\/kp.k12.tr\/anaokulu\/wp-content\/uploads\/sites\/3\/2018\/01\/2-6-600x450.jpg 600w, https:\/\/kp.k12.tr\/anaokulu\/wp-content\/uploads\/sites\/3\/2018\/01\/2-6-800x600.jpg 800w, https:\/\/kp.k12.tr\/anaokulu\/wp-content\/uploads\/sites\/3\/2018\/01\/2-6-1200x900.jpg 1200w, https:\/\/kp.k12.tr\/anaokulu\/wp-content\/uploads\/sites\/3\/2018\/01\/2-6.jpg 1280w\" data-sizes=\"auto\" data-orig-sizes=\"(min-width: 2200px) 100vw, (min-width: 784px) 363px, (min-width: 712px) 545px, (min-width: 640px) 712px, \" \/><\/a><\/div><\/div><\/div><\/div><\/div><\/div><\/div><\/div>\n","protected":false},"excerpt":{"rendered":"","protected":false},"author":3,"featured_media":698,"comment_status":"open","ping_status":"open","sticky":false,"template":"","format":"standard","meta":{"_view_id":"","_jetpack_memberships_contains_paid_content":false,"footnotes":""},"categories":[10],"tags":[],"class_list":["post-696","post","type-post","status-publish","format-standard","has-post-thumbnail","hentry","category-aile-katilim-calismalari"],"jetpack_featured_media_url":"https:\/\/kp.k12.tr\/anaokulu\/wp-content\/uploads\/sites\/3\/2018\/01\/2-6.jpg","jetpack_sharing_enabled":true,"_links":{"self":[{"href":"https:\/\/kp.k12.tr\/anaokulu\/wp-json\/wp\/v2\/posts\/696","targetHints":{"allow":["GET"]}}],"collection":[{"href":"https:\/\/kp.k12.tr\/anaokulu\/wp-json\/wp\/v2\/posts"}],"about":[{"href":"https:\/\/kp.k12.tr\/anaokulu\/wp-json\/wp\/v2\/types\/post"}],"author":[{"embeddable":true,"href":"https:\/\/kp.k12.tr\/anaokulu\/wp-json\/wp\/v2\/users\/3"}],"replies":[{"embeddable":true,"href":"https:\/\/kp.k12.tr\/anaokulu\/wp-json\/wp\/v2\/comments?post=696"}],"version-history":[{"count":0,"href":"https:\/\/kp.k12.tr\/anaokulu\/wp-json\/wp\/v2\/posts\/696\/revisions"}],"wp:featuredmedia":[{"embeddable":true,"href":"https:\/\/kp.k12.tr\/anaokulu\/wp-json\/wp\/v2\/media\/698"}],"wp:attachment":[{"href":"https:\/\/kp.k12.tr\/anaokulu\/wp-json\/wp\/v2\/media?parent=696"}],"wp:term":[{"taxonomy":"category","embeddable":true,"href":"https:\/\/kp.k12.tr\/anaokulu\/wp-json\/wp\/v2\/categories?post=696"},{"taxonomy":"post_tag","embeddable":true,"href":"https:\/\/kp.k12.tr\/anaokulu\/wp-json\/wp\/v2\/tags?post=696"}],"curies":[{"name":"wp","href":"https:\/\/api.w.org\/{rel}","templated":true}]}}